{"id":1965,"date":"2026-04-28T15:23:55","date_gmt":"2026-04-28T15:23:55","guid":{"rendered":"https:\/\/citt-humanidadesdigitales.madrimasd.org\/?p=1965"},"modified":"2026-04-28T15:23:56","modified_gmt":"2026-04-28T15:23:56","slug":"el-citt-acelera-su-evolucion-y-marca-el-rumbo-de-las-humanidades-digitales-hacia-2026","status":"publish","type":"post","link":"https:\/\/citt-humanidadesdigitales.madrimasd.org\/index.php\/2026\/04\/28\/el-citt-acelera-su-evolucion-y-marca-el-rumbo-de-las-humanidades-digitales-hacia-2026\/","title":{"rendered":"El CITT acelera su evoluci\u00f3n y marca el rumbo de las Humanidades Digitales hacia 2026"},"content":{"rendered":"\n<h3 class=\"wp-block-heading\"><\/h3>\n\n\n\n<p><br>En su \u00faltima reuni\u00f3n plenaria, el CITT en Humanidades Digitales y Tecnolog\u00edas del Espa\u00f1ol comparti\u00f3 con sus socios los avances que marcar\u00e1n su nueva etapa y su hoja de ruta para 2026, en un momento clave para reforzar su posicionamiento como espacio de referencia en la intersecci\u00f3n entre tecnolog\u00eda, lenguaje y sociedad.<br><br>Hoy compartimos algunas de las principales conclusiones de la \u00faltima reuni\u00f3n plenaria del CITT en Humanidades Digitales y Tecnolog\u00edas del Espa\u00f1ol, un encuentro clave para seguir consolidando su evoluci\u00f3n y definir la hoja de ruta de 2026.<br><br>Durante la sesi\u00f3n, el cl\u00faster hizo balance de su transformaci\u00f3n en asociaci\u00f3n, un paso relevante para reforzar su capacidad operativa, su visibilidad institucional y su sostenibilidad a largo plazo. Tambi\u00e9n se abordaron las l\u00edneas estrat\u00e9gicas que marcar\u00e1n esta nueva etapa, con foco en la captaci\u00f3n de financiaci\u00f3n, el impulso de proyectos, la proyecci\u00f3n cient\u00edfica e institucional y la mejora de la comunicaci\u00f3n interna.<br><br>Entre las iniciativas prioritarias para 2026 destacan el desarrollo de una plataforma de corpus ling\u00fc\u00edsticos multimodales para IA, un programa de formaci\u00f3n en competencias digitales, nuevas propuestas de digitalizaci\u00f3n del patrimonio de la Comunidad de Madrid y un proyecto de lenguaje claro aplicado al \u00e1mbito sanitario.<br><br>Adem\u00e1s, el cl\u00faster comparti\u00f3 con los socios la decisi\u00f3n de dotar al CITT de una estrategia de comunicaci\u00f3n propia puesta al servicio de sus integrantes, con el objetivo de reforzar la visibilidad del ecosistema, facilitar la conexi\u00f3n entre actores y acompa\u00f1ar mejor el desarrollo de sus iniciativas.<br><br>Con esta nueva etapa, el CITT en Humanidades Digitales y Tecnolog\u00edas del Espa\u00f1ol refuerza su ambici\u00f3n de consolidarse como un hub de referencia en innovaci\u00f3n, talento y tecnolog\u00edas del lenguaje, impulsando colaboraci\u00f3n, conocimiento y desarrollo en un \u00e1mbito estrat\u00e9gico.<\/p>\n\n\n\n<p id=\"https:\/\/www.linkedin.com\/posts\/citt-humanidades-digitales-tecnologias-espanol_humanidadesdigitales-transfiere2026-transferenciatecnolaejgica-activity-7422947093402595328-Zk89?utm_source=share&amp;utm_medium=member_desktop&amp;rcm=ACoAADkxZR4BseIMu_x8XWBIi7lnkrQOYl9zAUE\"><\/p>\n","protected":false},"excerpt":{"rendered":"<p>En su \u00faltima reuni\u00f3n plenaria, el CITT en Humanidades Digitales y Tecnolog\u00edas del Espa\u00f1ol comparti\u00f3 con sus socios los avances que marcar\u00e1n su nueva etapa y su hoja de ruta para 2026, en un momento clave para reforzar su posicionamiento como espacio de referencia en la intersecci\u00f3n entre tecnolog\u00eda, lenguaje y sociedad. Hoy compartimos algunas de las principales conclusiones de la \u00faltima reuni\u00f3n plenaria del CITT en Humanidades Digitales y Tecnolog\u00edas del Espa\u00f1ol, un encuentro clave para seguir consolidando su evoluci\u00f3n y definir la hoja de ruta de 2026. Durante la sesi\u00f3n, el cl\u00faster hizo balance de su transformaci\u00f3n en\u2026<\/p>\n","protected":false},"author":1,"featured_media":1966,"comment_status":"open","ping_status":"open","sticky":false,"template":"","format":"standard","meta":{"footnotes":""},"categories":[13],"tags":[],"class_list":["post-1965","post","type-post","status-publish","format-standard","has-post-thumbnail","hentry","category-noticias"],"blocksy_meta":"","acf":[],"jetpack_sharing_enabled":true,"jetpack_featured_media_url":"https:\/\/citt-humanidadesdigitales.madrimasd.org\/wp-content\/uploads\/2026\/04\/El-CITT-acelera-su-evolucion-y-marca-el-rumbo-de-las-Humanidades-Digitales-hacia-2026.jpg","_links":{"self":[{"href":"https:\/\/citt-humanidadesdigitales.madrimasd.org\/index.php\/wp-json\/wp\/v2\/posts\/1965","targetHints":{"allow":["GET"]}}],"collection":[{"href":"https:\/\/citt-humanidadesdigitales.madrimasd.org\/index.php\/wp-json\/wp\/v2\/posts"}],"about":[{"href":"https:\/\/citt-humanidadesdigitales.madrimasd.org\/index.php\/wp-json\/wp\/v2\/types\/post"}],"author":[{"embeddable":true,"href":"https:\/\/citt-humanidadesdigitales.madrimasd.org\/index.php\/wp-json\/wp\/v2\/users\/1"}],"replies":[{"embeddable":true,"href":"https:\/\/citt-humanidadesdigitales.madrimasd.org\/index.php\/wp-json\/wp\/v2\/comments?post=1965"}],"version-history":[{"count":1,"href":"https:\/\/citt-humanidadesdigitales.madrimasd.org\/index.php\/wp-json\/wp\/v2\/posts\/1965\/revisions"}],"predecessor-version":[{"id":1967,"href":"https:\/\/citt-humanidadesdigitales.madrimasd.org\/index.php\/wp-json\/wp\/v2\/posts\/1965\/revisions\/1967"}],"wp:featuredmedia":[{"embeddable":true,"href":"https:\/\/citt-humanidadesdigitales.madrimasd.org\/index.php\/wp-json\/wp\/v2\/media\/1966"}],"wp:attachment":[{"href":"https:\/\/citt-humanidadesdigitales.madrimasd.org\/index.php\/wp-json\/wp\/v2\/media?parent=1965"}],"wp:term":[{"taxonomy":"category","embeddable":true,"href":"https:\/\/citt-humanidadesdigitales.madrimasd.org\/index.php\/wp-json\/wp\/v2\/categories?post=1965"},{"taxonomy":"post_tag","embeddable":true,"href":"https:\/\/citt-humanidadesdigitales.madrimasd.org\/index.php\/wp-json\/wp\/v2\/tags?post=1965"}],"curies":[{"name":"wp","href":"https:\/\/api.w.org\/{rel}","templated":true}]}}