{"id":1929,"date":"2025-01-16T15:51:29","date_gmt":"2025-01-16T15:51:29","guid":{"rendered":"https:\/\/citt-humanidadesdigitales.madrimasd.org\/?p=1929"},"modified":"2025-01-16T15:51:30","modified_gmt":"2025-01-16T15:51:30","slug":"el-cluster-de-humanidades-digitales-y-tecnologias-del-espanol-mostro-sus-soluciones-tecnologicas-en-el-marco-de-planet25-madrid","status":"publish","type":"post","link":"https:\/\/citt-humanidadesdigitales.madrimasd.org\/index.php\/2025\/01\/16\/el-cluster-de-humanidades-digitales-y-tecnologias-del-espanol-mostro-sus-soluciones-tecnologicas-en-el-marco-de-planet25-madrid\/","title":{"rendered":"El Cl\u00faster de Humanidades Digitales y Tecnolog\u00edas del Espa\u00f1ol mostr\u00f3 sus soluciones tecnol\u00f3gicas en el marco de Planet25 Madrid"},"content":{"rendered":"\n<p><strong><strong><strong>El p\u00fablico asistente tuvo oportunidad para conocer los avances m\u00e1s recientes en materia de tecnolog\u00eda aplicada al lenguaje y a las humanidades digitales<\/strong><\/strong>.<\/strong><\/p>\n\n\n\n<p>Los socios del Cl\u00faster de Humanidades Digitales y Tecnolog\u00edas del Espa\u00f1ol han participado en el evento Planet25 Madrid el pasado 15 de enero donde tuvieron oportunidad de presentar algunas de sus soluciones tecnol\u00f3gicas y proyectos al numeroso p\u00fablico que asisti\u00f3 a la sala paralela. En concreto, han participado Ana Cremades, Catedr\u00e1tica de la Universidad Complutense de Madrid; Mayte Bacete, Senior Site Director en MaxLinear Hispania; Antonio Mart\u00edn, CEO de C\u00e1lamo y Cran; Beatriz Arias, Directora de Transformaci\u00f3n Digital en DigitalES; Marta Guerrero Nieto, Directora T\u00e9cnica Business y Languaje Analytics en el Instituto de Ingenier\u00eda del Conocimiento-IIC; Emilio Segovia, Partner Manager en Innopulse; Jorge Rico, Director de \u00c1rea PLN en Sigma Cognition y F\u00e9lix Labrador, catedr\u00e1tico del Departamento de Artes y Humanidades en la Universidad Rey Juan Carlos.<\/p>\n\n\n\n<p>Tambi\u00e9n se ha contado con la presencia de Raquel L\u00e1zaro, directora del Cl\u00faster que tuvo oportunidad de exponer las novedades m\u00e1s inmediatas como la transformaci\u00f3n en asociaci\u00f3n y hacer un llamamiento a los asistentes para que se interesen por las ventajas de participar en el Cl\u00faster.<\/p>\n\n\n\n<p>Esta es la primera edici\u00f3n de Planet25 que busca posicionarse como uno de los mayores encuentros a nivel nacional para impulsar la tecnolog\u00eda en el \u00e1mbito de las empresas.<\/p>\n\n\n\n<p>Desde la organizaci\u00f3n del evento han se\u00f1alado que el evento ha logrado congregar m\u00e1s de 1.300 asistentes y a cerca de 900 empresas y m\u00e1s de 25 cl\u00fasters y hubs de innovaci\u00f3n de la Comunidad de Madrid en sus m\u00e1s de 10.000 m\u00b2 de exposici\u00f3n.<\/p>\n\n\n\n<p>Este es un paso m\u00e1s del CITT en su esfuerzo por dar a conocer sus potencialidades y su pr\u00f3xima conversi\u00f3n en asociaci\u00f3n, con la que esperan contar con una estructura m\u00e1s \u00e1gil y m\u00e1s socios.<\/p>\n\n\n\n<figure class=\"wp-block-image size-full is-resized\"><img loading=\"lazy\" decoding=\"async\" width=\"640\" height=\"480\" src=\"https:\/\/citt-humanidadesdigitales.madrimasd.org\/wp-content\/uploads\/2025\/01\/IMG_2247.jpg\" alt=\"\" class=\"wp-image-1931\" style=\"width:750px;height:auto\" srcset=\"https:\/\/citt-humanidadesdigitales.madrimasd.org\/wp-content\/uploads\/2025\/01\/IMG_2247.jpg 640w, https:\/\/citt-humanidadesdigitales.madrimasd.org\/wp-content\/uploads\/2025\/01\/IMG_2247-300x225.jpg 300w\" sizes=\"auto, (max-width: 640px) 100vw, 640px\" \/><\/figure>\n\n\n\n<figure class=\"wp-block-image size-full\"><img loading=\"lazy\" decoding=\"async\" width=\"640\" height=\"480\" src=\"https:\/\/citt-humanidadesdigitales.madrimasd.org\/wp-content\/uploads\/2025\/01\/IMG_2253.jpg\" alt=\"Intervenci\u00f3n de la directora del cl\u00faster.\" class=\"wp-image-1930\" srcset=\"https:\/\/citt-humanidadesdigitales.madrimasd.org\/wp-content\/uploads\/2025\/01\/IMG_2253.jpg 640w, https:\/\/citt-humanidadesdigitales.madrimasd.org\/wp-content\/uploads\/2025\/01\/IMG_2253-300x225.jpg 300w\" sizes=\"auto, (max-width: 640px) 100vw, 640px\" \/><\/figure>\n","protected":false},"excerpt":{"rendered":"<p>Planet 25 Madrid<\/p>\n","protected":false},"author":1,"featured_media":1931,"comment_status":"open","ping_status":"open","sticky":false,"template":"","format":"standard","meta":{"footnotes":""},"categories":[1],"tags":[],"class_list":["post-1929","post","type-post","status-publish","format-standard","has-post-thumbnail","hentry","category-sin-categoria"],"blocksy_meta":"","acf":[],"jetpack_sharing_enabled":true,"jetpack_featured_media_url":"https:\/\/citt-humanidadesdigitales.madrimasd.org\/wp-content\/uploads\/2025\/01\/IMG_2247.jpg","_links":{"self":[{"href":"https:\/\/citt-humanidadesdigitales.madrimasd.org\/index.php\/wp-json\/wp\/v2\/posts\/1929","targetHints":{"allow":["GET"]}}],"collection":[{"href":"https:\/\/citt-humanidadesdigitales.madrimasd.org\/index.php\/wp-json\/wp\/v2\/posts"}],"about":[{"href":"https:\/\/citt-humanidadesdigitales.madrimasd.org\/index.php\/wp-json\/wp\/v2\/types\/post"}],"author":[{"embeddable":true,"href":"https:\/\/citt-humanidadesdigitales.madrimasd.org\/index.php\/wp-json\/wp\/v2\/users\/1"}],"replies":[{"embeddable":true,"href":"https:\/\/citt-humanidadesdigitales.madrimasd.org\/index.php\/wp-json\/wp\/v2\/comments?post=1929"}],"version-history":[{"count":1,"href":"https:\/\/citt-humanidadesdigitales.madrimasd.org\/index.php\/wp-json\/wp\/v2\/posts\/1929\/revisions"}],"predecessor-version":[{"id":1933,"href":"https:\/\/citt-humanidadesdigitales.madrimasd.org\/index.php\/wp-json\/wp\/v2\/posts\/1929\/revisions\/1933"}],"wp:featuredmedia":[{"embeddable":true,"href":"https:\/\/citt-humanidadesdigitales.madrimasd.org\/index.php\/wp-json\/wp\/v2\/media\/1931"}],"wp:attachment":[{"href":"https:\/\/citt-humanidadesdigitales.madrimasd.org\/index.php\/wp-json\/wp\/v2\/media?parent=1929"}],"wp:term":[{"taxonomy":"category","embeddable":true,"href":"https:\/\/citt-humanidadesdigitales.madrimasd.org\/index.php\/wp-json\/wp\/v2\/categories?post=1929"},{"taxonomy":"post_tag","embeddable":true,"href":"https:\/\/citt-humanidadesdigitales.madrimasd.org\/index.php\/wp-json\/wp\/v2\/tags?post=1929"}],"curies":[{"name":"wp","href":"https:\/\/api.w.org\/{rel}","templated":true}]}}