{"id":1906,"date":"2024-12-04T11:56:22","date_gmt":"2024-12-04T11:56:22","guid":{"rendered":"https:\/\/citt-humanidadesdigitales.madrimasd.org\/?p=1906"},"modified":"2024-12-12T14:41:59","modified_gmt":"2024-12-12T14:41:59","slug":"la-ii-reunion-anual-del-cluster-de-humanidades-digitales-y-tecnologias-del-espanol-sirve-de-marco-para-anunciar-el-cambio-a-asociacion","status":"publish","type":"post","link":"https:\/\/citt-humanidadesdigitales.madrimasd.org\/index.php\/2024\/12\/04\/la-ii-reunion-anual-del-cluster-de-humanidades-digitales-y-tecnologias-del-espanol-sirve-de-marco-para-anunciar-el-cambio-a-asociacion\/","title":{"rendered":"La II Reuni\u00f3n Anual del Cl\u00faster de Humanidades Digitales y Tecnolog\u00edas del Espa\u00f1ol sirve de marco para anunciar el cambio a asociaci\u00f3n."},"content":{"rendered":"\n<p><strong>Tuvo lugar el 15 de noviembre en la sede de Amazon Web Services en la Torre Foster de Madrid y los miembros tuvieron la oportunidad de ponerse al d\u00eda de los avances realizados durante el \u00faltimo ejercicio.<\/strong><\/p>\n\n\n\n<p>El pasado 15 de noviembre tuvo lugar la II Reuni\u00f3n Anual del Cl\u00faster de Humanidades Digitales y Tecnolog\u00edas del Espa\u00f1ol que cont\u00f3 con una treintena de participantes y sirvi\u00f3 de marco para que la Directora del Cl\u00faster, Raquel L\u00e1zaro, anunciara el inminente cambio de formato a asociaci\u00f3n, con el objetivo de mantener la actividad y ampliar las oportunidades para los socios.<\/p>\n\n\n\n<p>El encuentro tuvo lugar en la sede de Amazon Web Services de Torre Foster en Madrid y cont\u00f3 en la inauguraci\u00f3n con la presencia de la directora general de Investigaci\u00f3n de Innovaci\u00f3n Tecnol\u00f3gica de la Comunidad de Madrid, Marina Villegas que reforz\u00f3 la importancia de contar con un cl\u00faster de este tipo en la Comunidad. Villegas estuvo acompa\u00f1ada de Raquel L\u00e1zaro Guti\u00e9rrez y del Director de Educaci\u00f3n e Investigaci\u00f3n de AWS, V\u00edctor Ramos.<\/p>\n\n\n\n<p>En el evento se repasaron los avances de los principales proyectos que est\u00e1n en marcha y se abord\u00f3 en una mesa redonda la transformaci\u00f3n de las industrias ling\u00fc\u00edsticas y su impacto en el mercado laboral, de la mano de los expertos como Carlos Luengo, de Amazon, Pedro Luis D\u00edez Orzas, Fundador y CEO de Linguaserve; Cristina Villalonga G\u00f3mez, Vicerrectora de Educaci\u00f3n Digital y Tecnolog\u00eda de la Universidad Nebrija y Carlos Mu\u00f1oz, Confundador y CEO de Monoceros.<\/p>\n\n\n\n<figure class=\"wp-block-image size-large\"><img loading=\"lazy\" decoding=\"async\" width=\"1024\" height=\"683\" src=\"https:\/\/citt-humanidadesdigitales.madrimasd.org\/wp-content\/uploads\/2024\/12\/IMG_0213-Baja-1024x683.jpg\" alt=\"\" class=\"wp-image-1907\" srcset=\"https:\/\/citt-humanidadesdigitales.madrimasd.org\/wp-content\/uploads\/2024\/12\/IMG_0213-Baja-1024x683.jpg 1024w, https:\/\/citt-humanidadesdigitales.madrimasd.org\/wp-content\/uploads\/2024\/12\/IMG_0213-Baja-300x200.jpg 300w, https:\/\/citt-humanidadesdigitales.madrimasd.org\/wp-content\/uploads\/2024\/12\/IMG_0213-Baja-768x512.jpg 768w, https:\/\/citt-humanidadesdigitales.madrimasd.org\/wp-content\/uploads\/2024\/12\/IMG_0213-Baja-1536x1024.jpg 1536w, https:\/\/citt-humanidadesdigitales.madrimasd.org\/wp-content\/uploads\/2024\/12\/IMG_0213-Baja-2048x1365.jpg 2048w\" sizes=\"auto, (max-width: 1024px) 100vw, 1024px\" \/><\/figure>\n\n\n\n<figure class=\"wp-block-image size-large\"><img loading=\"lazy\" decoding=\"async\" width=\"1024\" height=\"683\" src=\"https:\/\/citt-humanidadesdigitales.madrimasd.org\/wp-content\/uploads\/2024\/12\/IMG_0234-Baja-1024x683.jpg\" alt=\"\" class=\"wp-image-1909\" srcset=\"https:\/\/citt-humanidadesdigitales.madrimasd.org\/wp-content\/uploads\/2024\/12\/IMG_0234-Baja-1024x683.jpg 1024w, https:\/\/citt-humanidadesdigitales.madrimasd.org\/wp-content\/uploads\/2024\/12\/IMG_0234-Baja-300x200.jpg 300w, https:\/\/citt-humanidadesdigitales.madrimasd.org\/wp-content\/uploads\/2024\/12\/IMG_0234-Baja-768x512.jpg 768w, https:\/\/citt-humanidadesdigitales.madrimasd.org\/wp-content\/uploads\/2024\/12\/IMG_0234-Baja-1536x1024.jpg 1536w, https:\/\/citt-humanidadesdigitales.madrimasd.org\/wp-content\/uploads\/2024\/12\/IMG_0234-Baja-2048x1365.jpg 2048w\" sizes=\"auto, (max-width: 1024px) 100vw, 1024px\" \/><\/figure>\n\n\n\n<figure class=\"wp-block-image size-large\"><img loading=\"lazy\" decoding=\"async\" width=\"1024\" height=\"683\" src=\"https:\/\/citt-humanidadesdigitales.madrimasd.org\/wp-content\/uploads\/2024\/12\/IMG_0251-baja-1024x683.jpg\" alt=\"\" class=\"wp-image-1910\" srcset=\"https:\/\/citt-humanidadesdigitales.madrimasd.org\/wp-content\/uploads\/2024\/12\/IMG_0251-baja-1024x683.jpg 1024w, https:\/\/citt-humanidadesdigitales.madrimasd.org\/wp-content\/uploads\/2024\/12\/IMG_0251-baja-300x200.jpg 300w, https:\/\/citt-humanidadesdigitales.madrimasd.org\/wp-content\/uploads\/2024\/12\/IMG_0251-baja-768x512.jpg 768w, https:\/\/citt-humanidadesdigitales.madrimasd.org\/wp-content\/uploads\/2024\/12\/IMG_0251-baja-1536x1024.jpg 1536w, https:\/\/citt-humanidadesdigitales.madrimasd.org\/wp-content\/uploads\/2024\/12\/IMG_0251-baja-2048x1365.jpg 2048w\" sizes=\"auto, (max-width: 1024px) 100vw, 1024px\" \/><\/figure>\n\n\n\n<figure class=\"wp-block-embed is-type-video is-provider-youtube wp-block-embed-youtube wp-embed-aspect-16-9 wp-has-aspect-ratio\"><div class=\"wp-block-embed__wrapper\">\n<iframe loading=\"lazy\" title=\"Resumen de la II Reuni\u00f3n Anual del Cl\u00faster de HD y TE\" width=\"1290\" height=\"726\" src=\"https:\/\/www.youtube.com\/embed\/48h0I9zmGLw?feature=oembed\" frameborder=\"0\" allow=\"accelerometer; autoplay; clipboard-write; encrypted-media; gyroscope; picture-in-picture; web-share\" referrerpolicy=\"strict-origin-when-cross-origin\" allowfullscreen><\/iframe>\n<\/div><\/figure>\n\n\n\n<figure class=\"wp-block-embed is-type-video is-provider-youtube wp-block-embed-youtube wp-embed-aspect-16-9 wp-has-aspect-ratio\"><div class=\"wp-block-embed__wrapper\">\n<iframe loading=\"lazy\" title=\"Raquel L\u00e1zaro, directora del CITT de HD y TE\" width=\"1290\" height=\"726\" src=\"https:\/\/www.youtube.com\/embed\/hiH9llQen34?feature=oembed\" frameborder=\"0\" allow=\"accelerometer; autoplay; clipboard-write; encrypted-media; gyroscope; picture-in-picture; web-share\" referrerpolicy=\"strict-origin-when-cross-origin\" allowfullscreen><\/iframe>\n<\/div><\/figure>\n\n\n\n<figure class=\"wp-block-embed is-type-video is-provider-youtube wp-block-embed-youtube wp-embed-aspect-16-9 wp-has-aspect-ratio\"><div class=\"wp-block-embed__wrapper\">\n<iframe loading=\"lazy\" title=\"Henar Pizarro Universidad Pontificia de Comillas\" width=\"1290\" height=\"726\" src=\"https:\/\/www.youtube.com\/embed\/faMIFo7kU2Y?feature=oembed\" frameborder=\"0\" allow=\"accelerometer; autoplay; clipboard-write; encrypted-media; gyroscope; picture-in-picture; web-share\" referrerpolicy=\"strict-origin-when-cross-origin\" allowfullscreen><\/iframe>\n<\/div><\/figure>\n\n\n\n<figure class=\"wp-block-embed is-type-video is-provider-youtube wp-block-embed-youtube wp-embed-aspect-16-9 wp-has-aspect-ratio\"><div class=\"wp-block-embed__wrapper\">\n<iframe loading=\"lazy\" title=\"Antonio Mart\u00edn C\u00e1lamo y Cran\" width=\"1290\" height=\"726\" src=\"https:\/\/www.youtube.com\/embed\/w0wLXsHsOtk?feature=oembed\" frameborder=\"0\" allow=\"accelerometer; autoplay; clipboard-write; encrypted-media; gyroscope; picture-in-picture; web-share\" referrerpolicy=\"strict-origin-when-cross-origin\" allowfullscreen><\/iframe>\n<\/div><\/figure>\n","protected":false},"excerpt":{"rendered":"<p>Tuvo lugar el 15 de noviembre en la sede de Amazon Web Services en la Torre Foster de Madrid y los miembros tuvieron la oportunidad de ponerse al d\u00eda de los avances realizados durante el \u00faltimo ejercicio. El pasado 15 de noviembre tuvo lugar la II Reuni\u00f3n Anual del Cl\u00faster de Humanidades Digitales y Tecnolog\u00edas del Espa\u00f1ol que cont\u00f3 con una treintena de participantes y sirvi\u00f3 de marco para que la Directora del Cl\u00faster, Raquel L\u00e1zaro, anunciara el inminente cambio de formato a asociaci\u00f3n, con el objetivo de mantener la actividad y ampliar las oportunidades para los socios. El encuentro\u2026<\/p>\n","protected":false},"author":1,"featured_media":1907,"comment_status":"open","ping_status":"open","sticky":false,"template":"","format":"standard","meta":{"footnotes":""},"categories":[1],"tags":[],"class_list":["post-1906","post","type-post","status-publish","format-standard","has-post-thumbnail","hentry","category-sin-categoria"],"blocksy_meta":"","acf":[],"jetpack_sharing_enabled":true,"jetpack_featured_media_url":"https:\/\/citt-humanidadesdigitales.madrimasd.org\/wp-content\/uploads\/2024\/12\/IMG_0213-Baja-scaled.jpg","_links":{"self":[{"href":"https:\/\/citt-humanidadesdigitales.madrimasd.org\/index.php\/wp-json\/wp\/v2\/posts\/1906","targetHints":{"allow":["GET"]}}],"collection":[{"href":"https:\/\/citt-humanidadesdigitales.madrimasd.org\/index.php\/wp-json\/wp\/v2\/posts"}],"about":[{"href":"https:\/\/citt-humanidadesdigitales.madrimasd.org\/index.php\/wp-json\/wp\/v2\/types\/post"}],"author":[{"embeddable":true,"href":"https:\/\/citt-humanidadesdigitales.madrimasd.org\/index.php\/wp-json\/wp\/v2\/users\/1"}],"replies":[{"embeddable":true,"href":"https:\/\/citt-humanidadesdigitales.madrimasd.org\/index.php\/wp-json\/wp\/v2\/comments?post=1906"}],"version-history":[{"count":5,"href":"https:\/\/citt-humanidadesdigitales.madrimasd.org\/index.php\/wp-json\/wp\/v2\/posts\/1906\/revisions"}],"predecessor-version":[{"id":1920,"href":"https:\/\/citt-humanidadesdigitales.madrimasd.org\/index.php\/wp-json\/wp\/v2\/posts\/1906\/revisions\/1920"}],"wp:featuredmedia":[{"embeddable":true,"href":"https:\/\/citt-humanidadesdigitales.madrimasd.org\/index.php\/wp-json\/wp\/v2\/media\/1907"}],"wp:attachment":[{"href":"https:\/\/citt-humanidadesdigitales.madrimasd.org\/index.php\/wp-json\/wp\/v2\/media?parent=1906"}],"wp:term":[{"taxonomy":"category","embeddable":true,"href":"https:\/\/citt-humanidadesdigitales.madrimasd.org\/index.php\/wp-json\/wp\/v2\/categories?post=1906"},{"taxonomy":"post_tag","embeddable":true,"href":"https:\/\/citt-humanidadesdigitales.madrimasd.org\/index.php\/wp-json\/wp\/v2\/tags?post=1906"}],"curies":[{"name":"wp","href":"https:\/\/api.w.org\/{rel}","templated":true}]}}